{"id":3332,"date":"2016-03-16T07:36:55","date_gmt":"2016-03-16T07:36:55","guid":{"rendered":"http:\/\/www.makrodenetim.com.tr\/?p=3332"},"modified":"2016-03-16T07:36:55","modified_gmt":"2016-03-16T07:36:55","slug":"gun-isigindan-daha-fazla-yararlanmak-amaciyla-butun-yurtta-saatlerin-yeniden-duzenlenmesi-hakkinda-karar-bkk-20168589","status":"publish","type":"post","link":"http:\/\/www.makrodenetim.com.tr\/?p=3332","title":{"rendered":"G\u00fcn I\u015f\u0131\u011f\u0131ndan Daha Fazla Yararlanmak Amac\u0131yla B\u00fct\u00fcn Yurtta Saatlerin Yeniden D\u00fczenlenmesi Hakk\u0131nda Karar (BKK 2016\/8589)"},"content":{"rendered":"<p><a href=\"http:\/\/www.alohaber.net\/wp\/2010\/06\/hayvanciligin-desteklenmesi-hakkinda-kararda-degisiklik-yapilmasina-dair-karar-bkk-2010509\/bkk\/\" rel=\"attachment wp-att-459\"><img loading=\"lazy\" decoding=\"async\" class=\"alignleft size-full wp-image-459\" src=\"http:\/\/www.alohaber.net\/wp\/wp-content\/uploads\/2010\/06\/bkk.jpg\" alt=\"bkk\" width=\"80\" height=\"80\" \/><\/a>16 Mart 2016 Tarihli Resmi Gazete Say&#305;: 29655 Karar Say&#305;s&#305;: 2016\/8589 G&#252;n &#305;&#351;&#305;&#287;&#305;ndan daha fazla yararlanmak amac&#305;yla b&#252;t&#252;n yurtta saatleri; 27 Mart 201&#8230;<\/p>\n<p>&nbsp;<\/p>\n<p><!--more--><\/p>\n<p>&nbsp;<\/p>\n<p class=\"post-tile entry-title\" style=\"text-align: center\"><strong>G&#252;n I&#351;&#305;&#287;&#305;ndan Daha Fazla Yararlanmak Amac&#305;yla B&#252;t&#252;n Yurtta Saatlerin Yeniden D&#252;zenlenmesi Hakk&#305;nda Karar (BKK)<\/strong><\/p>\n<p>&nbsp;<\/p>\n<div class=\"mom-post-meta single-post-meta\">\u00a0<\/div>\n<div class=\"entry-content\">\n<p>16 Mart 2016 Tarihli Resmi Gazete<\/p>\n<p>Say&#305;: 29655<\/p>\n<p><strong>Karar Say&#305;s&#305;: 2016\/8589<\/strong><\/p>\n<p>G&#252;n &#305;&#351;&#305;&#287;&#305;ndan daha fazla yararlanmak amac&#305;yla b&#252;t&#252;n yurtta saatleri;<\/p>\n<ul>\n<li>27 Mart 2016 Pazar g&#252;n&#252; saat 03:00\u2019ten itibaren bir saat ileri al&#305;nmas&#305;,<\/li>\n<li>30 Ekim 2016 Pazar g&#252;n&#252; saat 04:00\u2019ten itibaren bir saat geri al&#305;nmas&#305;;<\/li>\n<\/ul>\n<p>Enerji ve Tabii Kaynaklar Bakanl&#305;&#287;&#305;n&#305;n 10\/3\/2016 tarihli ve 7210 say&#305;l&#305; yaz&#305;s&#305; &#252;zerine, 697 say&#305;l&#305; G&#252;n&#252;n Yirmi D&#246;rt Saate Taksimine Dair Kanunun 2 nci maddesine g&#246;re, Bakanlar Kurulu\u2019nca 14\/3\/2016 tarihinde kararla&#351;t&#305;r&#305;lm&#305;&#351;t&#305;r.<\/p>\n<p>Recep Tayyip ERDO&#286;AN<\/p>\n<p>Cumhurba&#351;kan&#305;<\/p>\n<\/div>\n","protected":false},"excerpt":{"rendered":"<p>16 Mart 2016 Tarihli Resmi Gazete Say&#305;: 29655 Karar Say&#305;s&#305;: 2016\/8589 G&#252;n &#305;&#351;&#305;&#287;&#305;ndan daha fazla yararlanmak amac&#305;yla b&#252;t&#252;n yurtta saatleri; 27 Mart 201&#8230; &nbsp;<\/p>\n","protected":false},"author":1,"featured_media":0,"comment_status":"closed","ping_status":"closed","sticky":false,"template":"","format":"standard","meta":{"footnotes":""},"categories":[1],"tags":[],"class_list":["post-3332","post","type-post","status-publish","format-standard","hentry","category-genel"],"_links":{"self":[{"href":"http:\/\/www.makrodenetim.com.tr\/index.php?rest_route=\/wp\/v2\/posts\/3332","targetHints":{"allow":["GET"]}}],"collection":[{"href":"http:\/\/www.makrodenetim.com.tr\/index.php?rest_route=\/wp\/v2\/posts"}],"about":[{"href":"http:\/\/www.makrodenetim.com.tr\/index.php?rest_route=\/wp\/v2\/types\/post"}],"author":[{"embeddable":true,"href":"http:\/\/www.makrodenetim.com.tr\/index.php?rest_route=\/wp\/v2\/users\/1"}],"replies":[{"embeddable":true,"href":"http:\/\/www.makrodenetim.com.tr\/index.php?rest_route=%2Fwp%2Fv2%2Fcomments&post=3332"}],"version-history":[{"count":0,"href":"http:\/\/www.makrodenetim.com.tr\/index.php?rest_route=\/wp\/v2\/posts\/3332\/revisions"}],"wp:attachment":[{"href":"http:\/\/www.makrodenetim.com.tr\/index.php?rest_route=%2Fwp%2Fv2%2Fmedia&parent=3332"}],"wp:term":[{"taxonomy":"category","embeddable":true,"href":"http:\/\/www.makrodenetim.com.tr\/index.php?rest_route=%2Fwp%2Fv2%2Fcategories&post=3332"},{"taxonomy":"post_tag","embeddable":true,"href":"http:\/\/www.makrodenetim.com.tr\/index.php?rest_route=%2Fwp%2Fv2%2Ftags&post=3332"}],"curies":[{"name":"wp","href":"https:\/\/api.w.org\/{rel}","templated":true}]}}